{"id":9952,"date":"2026-04-30T17:40:19","date_gmt":"2026-04-30T20:40:19","guid":{"rendered":"https:\/\/www.piauimidia.com.br\/home\/?p=9952"},"modified":"2026-04-30T17:40:19","modified_gmt":"2026-04-30T20:40:19","slug":"organizacoes-sociais-criticam-derrubada-de-veto-ao-pl-da-dosimetria","status":"publish","type":"post","link":"https:\/\/www.piauimidia.com.br\/home\/organizacoes-sociais-criticam-derrubada-de-veto-ao-pl-da-dosimetria\/","title":{"rendered":"Organiza\u00e7\u00f5es sociais criticam derrubada de veto ao PL da Dosimetria"},"content":{"rendered":"<div class='booster-block booster-read-block'>\n                <div class=\"twp-read-time\">\n                \t<i class=\"booster-icon twp-clock\"><\/i> <span>Read Time:<\/span>2 Minute, 25 Second                <\/div>\n\n            <\/div><p>Entidades apontam retrocesso institucional com decis\u00e3o do Congresso<\/p>\n<p>&nbsp;<\/p>\n<p><strong>Organiza\u00e7\u00f5es da sociedade civil manifestaram rep\u00fadio \u00e0 derrubada de veto do presidente Luiz In\u00e1cio Lula da Silva ao projeto de lei (PL) da Dosimetria, que reduz a pena dos condenados por tentativa de golpe de Estado ligados ao 8 de janeiro de 2023.\u00a0<\/strong>O veto\u00a0foi derrubado nesta quinta-feira\u00a0(30) pelo Congresso Nacional.\u00a0<img decoding=\"async\" src=\"https:\/\/agenciabrasil.ebc.com.br\/ebc.png?id=1688029&amp;o=node\" \/><img decoding=\"async\" src=\"https:\/\/agenciabrasil.ebc.com.br\/ebc.gif?id=1688029&amp;o=node\" \/><\/p>\n<p><strong>Para as entidades, a medida representa um &#8220;grave e hist\u00f3rico retrocesso institucional&#8221;, naturaliza a viol\u00eancia e \u00e9 um risco de impunidade em caso de repeti\u00e7\u00e3o de ataques golpistas no futuro.<\/strong><\/p>\n<p>A nota da coaliz\u00e3o Pacto pela Democracia \u00e9 assinada por mais de 20 organiza\u00e7\u00f5es, aponta que a derrubada do veto pode ser vista como uma forma de relativizar ataques frontais ao regime democr\u00e1tico e substituir a soberania popular por projetos autorit\u00e1rios.<\/p>\n<p>Segundo a nota, a derrubada fragiliza \u201co caminho que vinha sendo constru\u00eddo para a devida responsabiliza\u00e7\u00e3o daqueles que atentaram contra a ordem constitucional democr\u00e1tica no pa\u00eds, no contexto da tentativa de golpe de Estado ap\u00f3s as \u00faltimas elei\u00e7\u00f5es presidenciais.\u201d<\/p>\n<p>O texto, assinado por organiza\u00e7\u00f5es como o Instituto Vladimir Herzog, Instituto Marielle Franco e a Transpar\u00eancia Eleitoral Brasil, destaca ainda que a medida n\u00e3o promove pacifica\u00e7\u00e3o e que setores do parlamento que votaram pela derrubada do veto abdicam do papel de guardi\u00f5es constitucionais, nem atuam no sentido de\u00a0 \u201ccorrigir excessos\u201d.<\/p>\n<blockquote><p>\u201cNa pr\u00e1tica, trata-se de um movimento que, al\u00e9m de n\u00e3o contar com respaldo popular nem s\u00f3lido fundamento constitucional, reabre espa\u00e7o para a naturaliza\u00e7\u00e3o da viol\u00eancia pol\u00edtica contra a democracia e enfraquece a constru\u00e7\u00e3o da mem\u00f3ria coletiva sobre um dos epis\u00f3dios mais graves da hist\u00f3ria republicana recente\u201d, diz o documento.<\/p><\/blockquote>\n<p><strong>As organiza\u00e7\u00f5es alertam ainda que reduzir a gravidade desses fatos por meio da revis\u00e3o de penas significa reescrever a hist\u00f3ria em favor da impunidade.<\/strong>\u00a0O documento diz que o debate sobre a flexibiliza\u00e7\u00e3o de penas exige cautela e reflex\u00e3o respons\u00e1veis, principalmente por seus poss\u00edveis efeitos em outros \u00e2mbitos do sistema penal.<\/p>\n<p>\u201cNo 8 de janeiro, o povo brasileiro assistiu, at\u00f4nito, ao vandalismo e ao \u00f3dio dirigidos \u00e0s sedes dos Tr\u00eas Poderes por aqueles que buscavam desacreditar o resultado das elei\u00e7\u00f5es e substituir a soberania popular por um projeto autorit\u00e1rio; a perplexidade coletiva n\u00e3o foi apenas rea\u00e7\u00e3o \u00e0 viol\u00eancia, mas o reconhecimento imediato de um ataque frontal ao regime democr\u00e1tico&#8221;, diz a nota.<\/p>\n<blockquote><p>&#8220;Ficou evidente que n\u00e3o se tratava de mero vandalismo, mas da express\u00e3o organizada de uma trama que visava deslegitimar o processo eleitoral e instaurar, pela for\u00e7a e pelo caos, uma ruptura institucional\u201d, diz o documento.<\/p><\/blockquote>\n<p>O texto afirma ainda que a derrubada do veto ao PL abre brechas concretas para a repeti\u00e7\u00e3o desses ataques no futuro.<\/p>\n<p>\u201cA democracia n\u00e3o se sustenta apenas por elei\u00e7\u00f5es peri\u00f3dicas, mas pela capacidade de reconhecer seus traumas, responsabilizar seus agressores e impedir que a viol\u00eancia golpista seja incorporada \u00e0 normalidade institucional. A derrubada deste veto caminha no sentido da normaliza\u00e7\u00e3o da viol\u00eancia\u201d, diz a nota.<\/p>\n        <div class=\"booster-block booster-reactions-block\">\n            <div class=\"twp-reactions-icons\">\n                \n                <div class=\"twp-reacts-wrap\">\n                    <a react-data=\"be-react-1\" post-id=\"9952\" class=\"be-face-icons un-reacted\" href=\"javascript:void(0)\">\n                        <img decoding=\"async\" src=\"https:\/\/www.piauimidia.com.br\/home\/wp-content\/plugins\/booster-extension\/\/assets\/icon\/happy.svg\" alt=\"Happy\">\n                    <\/a>\n                    <div class=\"twp-reaction-title\">\n                        Happy                    <\/div>\n                    <div class=\"twp-count-percent\">\n                                                    <span style=\"display: none;\" class=\"twp-react-count\">0<\/span>\n                        \n                                                <span class=\"twp-react-percent\"><span>0<\/span> %<\/span>\n                                            <\/div>\n                <\/div>\n\n                <div class=\"twp-reacts-wrap\">\n                    <a react-data=\"be-react-2\" post-id=\"9952\" class=\"be-face-icons un-reacted\" href=\"javascript:void(0)\">\n                        <img decoding=\"async\" src=\"https:\/\/www.piauimidia.com.br\/home\/wp-content\/plugins\/booster-extension\/\/assets\/icon\/sad.svg\" alt=\"Sad\">\n                    <\/a>\n                    <div class=\"twp-reaction-title\">\n                        Sad                    <\/div>\n                    <div class=\"twp-count-percent\">\n                                                    <span style=\"display: none;\" class=\"twp-react-count\">0<\/span>\n                                                                        <span class=\"twp-react-percent\"><span>0<\/span> %<\/span>\n                                            <\/div>\n                <\/div>\n\n                <div class=\"twp-reacts-wrap\">\n                    <a react-data=\"be-react-3\" post-id=\"9952\" class=\"be-face-icons un-reacted\" href=\"javascript:void(0)\">\n                        <img decoding=\"async\" src=\"https:\/\/www.piauimidia.com.br\/home\/wp-content\/plugins\/booster-extension\/\/assets\/icon\/excited.svg\" alt=\"Excited\">\n                    <\/a>\n                    <div class=\"twp-reaction-title\">\n                        Excited                    <\/div>\n                    <div class=\"twp-count-percent\">\n                                                    <span style=\"display: none;\" class=\"twp-react-count\">0<\/span>\n                                                                        <span class=\"twp-react-percent\"><span>0<\/span> %<\/span>\n                                            <\/div>\n                <\/div>\n\n                <div class=\"twp-reacts-wrap\">\n                    <a react-data=\"be-react-6\" post-id=\"9952\" class=\"be-face-icons un-reacted\" href=\"javascript:void(0)\">\n                        <img decoding=\"async\" src=\"https:\/\/www.piauimidia.com.br\/home\/wp-content\/plugins\/booster-extension\/\/assets\/icon\/sleepy.svg\" alt=\"Sleepy\">\n                    <\/a>\n                    <div class=\"twp-reaction-title\">\n                        Sleepy                    <\/div>\n                    <div class=\"twp-count-percent\">\n                                                    <span style=\"display: none;\" class=\"twp-react-count\">0<\/span>\n                        \n                                                <span class=\"twp-react-percent\"><span>0<\/span> %<\/span>\n                                            <\/div>\n                <\/div>\n\n                <div class=\"twp-reacts-wrap\">\n                    <a react-data=\"be-react-4\" post-id=\"9952\" class=\"be-face-icons un-reacted\" href=\"javascript:void(0)\">\n                        <img decoding=\"async\" src=\"https:\/\/www.piauimidia.com.br\/home\/wp-content\/plugins\/booster-extension\/\/assets\/icon\/angry.svg\" alt=\"Angry\">\n                    <\/a>\n                    <div class=\"twp-reaction-title\">Angry<\/div>\n                    <div class=\"twp-count-percent\">\n                                                    <span style=\"display: none;\" class=\"twp-react-count\">0<\/span>\n                                                                        <span class=\"twp-react-percent\"><span>0<\/span> %<\/span>\n                        \n                    <\/div>\n                <\/div>\n\n                <div class=\"twp-reacts-wrap\">\n                    <a react-data=\"be-react-5\" post-id=\"9952\" class=\"be-face-icons un-reacted\" href=\"javascript:void(0)\">\n                        <img decoding=\"async\" src=\"https:\/\/www.piauimidia.com.br\/home\/wp-content\/plugins\/booster-extension\/\/assets\/icon\/surprise.svg\" alt=\"Surprise\">\n                    <\/a>\n                    <div class=\"twp-reaction-title\">Surprise<\/div>\n                    <div class=\"twp-count-percent\">\n                                                    <span style=\"display: none;\" class=\"twp-react-count\">0<\/span>\n                                                                        <span class=\"twp-react-percent\"><span>0<\/span> %<\/span>\n                                            <\/div>\n                <\/div>\n\n            <\/div>\n        <\/div>\n\n    ","protected":false},"excerpt":{"rendered":"<p>Entidades apontam retrocesso institucional com decis\u00e3o do Congresso &nbsp; Organiza\u00e7\u00f5es da sociedade civil manifestaram rep\u00fadio \u00e0 derrubada de veto do presidente Luiz In\u00e1cio Lula da Silva ao projeto de lei (PL) da Dosimetria, que reduz a pena dos condenados por tentativa de golpe de Estado ligados ao 8 de janeiro de 2023.\u00a0O veto\u00a0foi derrubado nesta [&hellip;]<\/p>\n","protected":false},"author":1,"featured_media":9953,"comment_status":"open","ping_status":"open","sticky":false,"template":"","format":"standard","meta":{"footnotes":""},"categories":[16],"tags":[],"class_list":["post-9952","post","type-post","status-publish","format-standard","has-post-thumbnail","hentry","category-brasil"],"blocksy_meta":[],"_links":{"self":[{"href":"https:\/\/www.piauimidia.com.br\/home\/wp-json\/wp\/v2\/posts\/9952","targetHints":{"allow":["GET"]}}],"collection":[{"href":"https:\/\/www.piauimidia.com.br\/home\/wp-json\/wp\/v2\/posts"}],"about":[{"href":"https:\/\/www.piauimidia.com.br\/home\/wp-json\/wp\/v2\/types\/post"}],"author":[{"embeddable":true,"href":"https:\/\/www.piauimidia.com.br\/home\/wp-json\/wp\/v2\/users\/1"}],"replies":[{"embeddable":true,"href":"https:\/\/www.piauimidia.com.br\/home\/wp-json\/wp\/v2\/comments?post=9952"}],"version-history":[{"count":1,"href":"https:\/\/www.piauimidia.com.br\/home\/wp-json\/wp\/v2\/posts\/9952\/revisions"}],"predecessor-version":[{"id":9954,"href":"https:\/\/www.piauimidia.com.br\/home\/wp-json\/wp\/v2\/posts\/9952\/revisions\/9954"}],"wp:featuredmedia":[{"embeddable":true,"href":"https:\/\/www.piauimidia.com.br\/home\/wp-json\/wp\/v2\/media\/9953"}],"wp:attachment":[{"href":"https:\/\/www.piauimidia.com.br\/home\/wp-json\/wp\/v2\/media?parent=9952"}],"wp:term":[{"taxonomy":"category","embeddable":true,"href":"https:\/\/www.piauimidia.com.br\/home\/wp-json\/wp\/v2\/categories?post=9952"},{"taxonomy":"post_tag","embeddable":true,"href":"https:\/\/www.piauimidia.com.br\/home\/wp-json\/wp\/v2\/tags?post=9952"}],"curies":[{"name":"wp","href":"https:\/\/api.w.org\/{rel}","templated":true}]}}