{"id":9879,"date":"2026-04-15T07:02:08","date_gmt":"2026-04-15T10:02:08","guid":{"rendered":"https:\/\/www.piauimidia.com.br\/home\/?p=9879"},"modified":"2026-04-15T07:02:08","modified_gmt":"2026-04-15T10:02:08","slug":"lula-envia-ao-congresso-projeto-de-lei-pelo-fim-da-escala-6x1","status":"publish","type":"post","link":"https:\/\/www.piauimidia.com.br\/home\/lula-envia-ao-congresso-projeto-de-lei-pelo-fim-da-escala-6x1\/","title":{"rendered":"Lula envia ao Congresso projeto de lei pelo fim da escala 6&#215;1"},"content":{"rendered":"<div class='booster-block booster-read-block'>\n                <div class=\"twp-read-time\">\n                \t<i class=\"booster-icon twp-clock\"><\/i> <span>Read Time:<\/span>1 Minute, 52 Second                <\/div>\n\n            <\/div><p>Proposta prev\u00ea tamb\u00e9m redu\u00e7\u00e3o de jornada a 40 horas semanais<\/p>\n<p>&nbsp;<\/p>\n<p><strong>O presidente Luiz In\u00e1cio Lula da Silva enviou ao Congresso Nacional, na noite desta ter\u00e7a-feira (14),\u00a0o projeto de lei que prev\u00ea o fim\u00a0com a escala de seis dias trabalhados para um de descanso (6&#215;1), e reduz a jornada de trabalho para, no m\u00e1ximo, 40 horas semanais.<\/strong><img decoding=\"async\" src=\"https:\/\/agenciabrasil.ebc.com.br\/ebc.png?id=1685994&amp;o=node\" \/><img decoding=\"async\" src=\"https:\/\/agenciabrasil.ebc.com.br\/ebc.gif?id=1685994&amp;o=node\" \/><\/p>\n<p>A medida foi publicada\u00a0em\u00a0edi\u00e7\u00e3o extra do Di\u00e1rio Oficial.<\/p>\n<p>Segundo o texto, a proposta \u00e9 reduzir o limite da jornada de trabalho de 44 para 40 horas semanais, garantindo dois dias de descanso remunerado sem redu\u00e7\u00e3o salarial.<\/p>\n<p><strong>A escala passaria a ser de cinco dias trabalhados para dois dias de descanso.<\/strong><\/p>\n<p>O presidente Lula,\u00a0em\u00a0postagem nas redes sociais, salientou que a proposta seguiu com \u201curg\u00eancia constitucional, o que\u00a0faz com que o Legislativo tenha 45 dias para a delibera\u00e7\u00e3o da mat\u00e9ria.<\/p>\n<blockquote><p>\u201cA proposta devolve tempo aos trabalhadores e trabalhadoras: tempo para ver os filhos crescerem, para o lazer, para o descanso e para o conv\u00edvio familiar. Um passo para um pa\u00eds mais justo e com mais qualidade de vida para todos\u201d, escreveu o presidente.<\/p><\/blockquote>\n<p>De acordo com Lula, o envio da proposta tem rela\u00e7\u00e3o com a dignidade das fam\u00edlias brasileiras, &#8220;de quem constr\u00f3i o Brasil todos os dias\u201d. O presidente ressaltou que a jornada menor n\u00e3o prev\u00ea qualquer redu\u00e7\u00e3o no sal\u00e1rio.<\/p>\n<p>Conforme o governo, a<strong>\u00a0proposta abrange tamb\u00e9m trabalhadores\u00a0dom\u00e9sticos, comerci\u00e1rios, atletas, aeronautas, radialistas e outras categorias abrangidas pela Consolida\u00e7\u00e3o das Leis do Trabalho.<\/strong><\/p>\n<p>Ainda de acordo com o Executivo, a proposta tem aplica\u00e7\u00e3o geral.<\/p>\n<p>\u201cO limite de 40 horas passa a valer tamb\u00e9m para escalas especiais e regimes diferenciados\u201d, informa.<\/p>\n<h2>&gt;&gt; Veja o que prev\u00ea o projeto de lei:<\/h2>\n<ul>\n<li>Jornada semanal: limite passa de 44 para 40 horas<\/li>\n<li>Descanso ampliado: ao menos dois dias de repouso semanal remunerado<\/li>\n<li>Novo padr\u00e3o: consolida\u00e7\u00e3o do modelo 5&#215;2 e redu\u00e7\u00e3o das horas trabalhadas<\/li>\n<li>Sal\u00e1rio protegido: vedada qualquer redu\u00e7\u00e3o salarial<\/li>\n<li>Abrang\u00eancia ampla: inclui dom\u00e9sticos, comerci\u00e1rio, atletas, aeronautas, radialistas e outras categorias abrangidas pela CLT e leis especiais.<\/li>\n<li>Aplica\u00e7\u00e3o geral: limite de 40 horas passa a valer tamb\u00e9m para escalas especiais e regimes diferenciados<\/li>\n<li>Flexibilidade: mant\u00e9m escalas como 12hx36 por acordo coletivo, respeitada a m\u00e9dia de 40 horas por semana<\/li>\n<\/ul>\n<p><em>* Com informa\u00e7\u00f5es da Presid\u00eancia da Rep\u00fablica<\/em><\/p>\n        <div class=\"booster-block booster-reactions-block\">\n            <div class=\"twp-reactions-icons\">\n                \n                <div class=\"twp-reacts-wrap\">\n                    <a react-data=\"be-react-1\" post-id=\"9879\" class=\"be-face-icons un-reacted\" href=\"javascript:void(0)\">\n                        <img decoding=\"async\" src=\"https:\/\/www.piauimidia.com.br\/home\/wp-content\/plugins\/booster-extension\/\/assets\/icon\/happy.svg\" alt=\"Happy\">\n                    <\/a>\n                    <div class=\"twp-reaction-title\">\n                        Happy                    <\/div>\n                    <div class=\"twp-count-percent\">\n                                                    <span style=\"display: none;\" class=\"twp-react-count\">0<\/span>\n                        \n                                                <span class=\"twp-react-percent\"><span>0<\/span> %<\/span>\n                                            <\/div>\n                <\/div>\n\n                <div class=\"twp-reacts-wrap\">\n                    <a react-data=\"be-react-2\" post-id=\"9879\" class=\"be-face-icons un-reacted\" href=\"javascript:void(0)\">\n                        <img decoding=\"async\" src=\"https:\/\/www.piauimidia.com.br\/home\/wp-content\/plugins\/booster-extension\/\/assets\/icon\/sad.svg\" alt=\"Sad\">\n                    <\/a>\n                    <div class=\"twp-reaction-title\">\n                        Sad                    <\/div>\n                    <div class=\"twp-count-percent\">\n                                                    <span style=\"display: none;\" class=\"twp-react-count\">0<\/span>\n                                                                        <span class=\"twp-react-percent\"><span>0<\/span> %<\/span>\n                                            <\/div>\n                <\/div>\n\n                <div class=\"twp-reacts-wrap\">\n                    <a react-data=\"be-react-3\" post-id=\"9879\" class=\"be-face-icons un-reacted\" href=\"javascript:void(0)\">\n                        <img decoding=\"async\" src=\"https:\/\/www.piauimidia.com.br\/home\/wp-content\/plugins\/booster-extension\/\/assets\/icon\/excited.svg\" alt=\"Excited\">\n                    <\/a>\n                    <div class=\"twp-reaction-title\">\n                        Excited                    <\/div>\n                    <div class=\"twp-count-percent\">\n                                                    <span style=\"display: none;\" class=\"twp-react-count\">0<\/span>\n                                                                        <span class=\"twp-react-percent\"><span>0<\/span> %<\/span>\n                                            <\/div>\n                <\/div>\n\n                <div class=\"twp-reacts-wrap\">\n                    <a react-data=\"be-react-6\" post-id=\"9879\" class=\"be-face-icons un-reacted\" href=\"javascript:void(0)\">\n                        <img decoding=\"async\" src=\"https:\/\/www.piauimidia.com.br\/home\/wp-content\/plugins\/booster-extension\/\/assets\/icon\/sleepy.svg\" alt=\"Sleepy\">\n                    <\/a>\n                    <div class=\"twp-reaction-title\">\n                        Sleepy                    <\/div>\n                    <div class=\"twp-count-percent\">\n                                                    <span style=\"display: none;\" class=\"twp-react-count\">0<\/span>\n                        \n                                                <span class=\"twp-react-percent\"><span>0<\/span> %<\/span>\n                                            <\/div>\n                <\/div>\n\n                <div class=\"twp-reacts-wrap\">\n                    <a react-data=\"be-react-4\" post-id=\"9879\" class=\"be-face-icons un-reacted\" href=\"javascript:void(0)\">\n                        <img decoding=\"async\" src=\"https:\/\/www.piauimidia.com.br\/home\/wp-content\/plugins\/booster-extension\/\/assets\/icon\/angry.svg\" alt=\"Angry\">\n                    <\/a>\n                    <div class=\"twp-reaction-title\">Angry<\/div>\n                    <div class=\"twp-count-percent\">\n                                                    <span style=\"display: none;\" class=\"twp-react-count\">0<\/span>\n                                                                        <span class=\"twp-react-percent\"><span>0<\/span> %<\/span>\n                        \n                    <\/div>\n                <\/div>\n\n                <div class=\"twp-reacts-wrap\">\n                    <a react-data=\"be-react-5\" post-id=\"9879\" class=\"be-face-icons un-reacted\" href=\"javascript:void(0)\">\n                        <img decoding=\"async\" src=\"https:\/\/www.piauimidia.com.br\/home\/wp-content\/plugins\/booster-extension\/\/assets\/icon\/surprise.svg\" alt=\"Surprise\">\n                    <\/a>\n                    <div class=\"twp-reaction-title\">Surprise<\/div>\n                    <div class=\"twp-count-percent\">\n                                                    <span style=\"display: none;\" class=\"twp-react-count\">0<\/span>\n                                                                        <span class=\"twp-react-percent\"><span>0<\/span> %<\/span>\n                                            <\/div>\n                <\/div>\n\n            <\/div>\n        <\/div>\n\n    ","protected":false},"excerpt":{"rendered":"<p>Proposta prev\u00ea tamb\u00e9m redu\u00e7\u00e3o de jornada a 40 horas semanais &nbsp; O presidente Luiz In\u00e1cio Lula da Silva enviou ao Congresso Nacional, na noite desta ter\u00e7a-feira (14),\u00a0o projeto de lei que prev\u00ea o fim\u00a0com a escala de seis dias trabalhados para um de descanso (6&#215;1), e reduz a jornada de trabalho para, no m\u00e1ximo, 40 [&hellip;]<\/p>\n","protected":false},"author":1,"featured_media":3331,"comment_status":"open","ping_status":"open","sticky":false,"template":"","format":"standard","meta":{"footnotes":""},"categories":[16],"tags":[],"class_list":["post-9879","post","type-post","status-publish","format-standard","has-post-thumbnail","hentry","category-brasil"],"blocksy_meta":[],"_links":{"self":[{"href":"https:\/\/www.piauimidia.com.br\/home\/wp-json\/wp\/v2\/posts\/9879","targetHints":{"allow":["GET"]}}],"collection":[{"href":"https:\/\/www.piauimidia.com.br\/home\/wp-json\/wp\/v2\/posts"}],"about":[{"href":"https:\/\/www.piauimidia.com.br\/home\/wp-json\/wp\/v2\/types\/post"}],"author":[{"embeddable":true,"href":"https:\/\/www.piauimidia.com.br\/home\/wp-json\/wp\/v2\/users\/1"}],"replies":[{"embeddable":true,"href":"https:\/\/www.piauimidia.com.br\/home\/wp-json\/wp\/v2\/comments?post=9879"}],"version-history":[{"count":1,"href":"https:\/\/www.piauimidia.com.br\/home\/wp-json\/wp\/v2\/posts\/9879\/revisions"}],"predecessor-version":[{"id":9880,"href":"https:\/\/www.piauimidia.com.br\/home\/wp-json\/wp\/v2\/posts\/9879\/revisions\/9880"}],"wp:featuredmedia":[{"embeddable":true,"href":"https:\/\/www.piauimidia.com.br\/home\/wp-json\/wp\/v2\/media\/3331"}],"wp:attachment":[{"href":"https:\/\/www.piauimidia.com.br\/home\/wp-json\/wp\/v2\/media?parent=9879"}],"wp:term":[{"taxonomy":"category","embeddable":true,"href":"https:\/\/www.piauimidia.com.br\/home\/wp-json\/wp\/v2\/categories?post=9879"},{"taxonomy":"post_tag","embeddable":true,"href":"https:\/\/www.piauimidia.com.br\/home\/wp-json\/wp\/v2\/tags?post=9879"}],"curies":[{"name":"wp","href":"https:\/\/api.w.org\/{rel}","templated":true}]}}